{"id":1073,"date":"2024-02-12T05:52:45","date_gmt":"2024-02-12T05:52:45","guid":{"rendered":"https:\/\/lucarolli.com\/index.php\/2024\/02\/12\/agricoltori-barelli-fi-servono-serieta-non-slogan-e-stare-al-governo-in-europa-corriere-it\/"},"modified":"2024-02-12T05:52:45","modified_gmt":"2024-02-12T05:52:45","slug":"agricoltori-barelli-fi-servono-serieta-non-slogan-e-stare-al-governo-in-europa-corriere-it","status":"publish","type":"post","link":"https:\/\/lucarolli.com\/index.php\/2024\/02\/12\/agricoltori-barelli-fi-servono-serieta-non-slogan-e-stare-al-governo-in-europa-corriere-it\/","title":{"rendered":"Agricoltori, Barelli (FI): &#8220;Servono seriet\u00e0, non slogan. E stare al governo in Europa&#8221; &#8211; Corriere.it"},"content":{"rendered":"<p>Paolo Barelli, presidente dei deputati di Forza Italia, afferma che la Lega sostiene che per gli agricoltori &#8220;si poteva fare di pi\u00f9&#8221;. Ha ragione? E stare al governo in Europa\u00bb Il presidente degli azzurri: le strategie da mettere in campo dipendono dalle risorse.<\/p>\n<p>Per noi esiste solo l\u2019interesse dei lavoratori e delle aziende agricole! Agricoltori, Barelli (FI): \u00abServe seriet\u00e0, non slogan. Faremo quindi tutto il possibile ma, come nel nostro stile, con seriet\u00e0 e senza slogan.<\/p>\n<p>Con le categorie interessate vanno condivise le strategie a breve e lungo termine che sono compatibili con le risorse a disposizione, consapevoli che \u00e8 necessario dare risposte esaustive. FI fa parte del governo, ha fiducia nel ministro Lollobrigida e continuer\u00e0 a dare il suo contributo per rispondere alle legittime esigenze del settore. Il segretario Tajani \u00e8 al lavoro per questo\u00bb.<\/p>\n<p>Anche voi promettete di presentare proposte: non sta diventando una corsa pericolosa nel centrodestra? \u00abGli incontri che si sono gi\u00e0 svolti e quelli in programma nei prossimi giorni dimostrano la volont\u00e0 del governo di agire senza indugio. Per Forza Italia esiste solo l\u2019interesse dei lavoratori e delle aziende agricole: da parte nostra, nessuna \u201ccorsa\u201d politica tra i partiti, anche di maggioranza\u00bb.<\/p>\n<p>Ma l\u2019impressione \u00e8 che la campagna elettorale per le Europee di giugno stia acuendo la concorrenza fra i partiti: il governo non rischia di pagare dazio? \u00abLe elezioni europee si svolgono con il sistema proporzionale puro che non prevede coalizioni; questo ovviamente vale anche per la sinistra. Quindi \u201cognun per s\u00e9\u201d, ma senza tensioni e senza preoccupazioni: la concorrenza fa bene alla crescita della coalizione e sono sicuro che dalle Europee il governo uscir\u00e0 rafforzato\u00bb.<\/p>\n<p>Salvini dice che il primo nemico degli agricoltori \u00e8 la Commissione Ue e chi la sostiene: quindi con la Lega sarete su fronti opposti? \u00abSiamo gi\u00e0 su fronti diversi in Europa. Fra i partiti del centrodestra soltanto FI \u00e8 in maggioranza perch\u00e9 solo noi siamo nel Ppe, che in qualunque caso rimarr\u00e0 il perno delle istituzioni dell\u2019Ue anche dopo le elezioni.<\/p>\n<p>FI possiede i cromosomi del presidente Berlusconi, la cui capacit\u00e0 di governare processi complessi anche sul piano internazionale \u00e8 nella storia. Per questo sappiamo come incidere in Europa, modificando o cambiando quello che non funziona. Per esempio vanno cambiate le politiche ambientaliste ideologiche e strumentali che, con il pretesto della transizione energetica, hanno messo in difficolt\u00e0 settori importanti come l\u2019agricoltura.<\/p>\n<p>Ma solo stando al governo dell\u2019Europa \u00e8 possibile riuscirci a cambiarla, a promuovere politiche votate alla crescita e non solo al rigore, nell\u2019interesse dei cittadini e in questo caso degli agricoltori\u00bb. E&#8217; dedicata agli abbonati al Corriere della Sera e arriva due volte alla settimana alle 12. *Corriere della Sera \u00e8 anche su Whatsapp.<\/p>\n<p>\u00c8 sufficiente cliccare qui per iscriversi al canale ed essere sempre aggiornati. * 10 febbraio 2024 (modifica il 10 febbraio 2024 | 22:47) \u00a9 RIPRODUZIONE RISERVATA<\/p>\n","protected":false},"excerpt":{"rendered":"<p>Paolo Barelli, presidente dei deputati di Forza Italia, afferma che la Lega sostiene che per gli agricoltori &#8220;si poteva fare di pi\u00f9&#8221;. Ha ragione? E stare al governo in Europa\u00bb Il presidente degli azzurri: le strategie da mettere in campo dipendono dalle risorse. Per noi esiste solo l\u2019interesse dei lavoratori e delle aziende agricole! Agricoltori, [&hellip;]<\/p>\n","protected":false},"author":1,"featured_media":1072,"comment_status":"open","ping_status":"open","sticky":false,"template":"","format":"standard","meta":{"footnotes":""},"categories":[67],"tags":[],"class_list":["post-1073","post","type-post","status-publish","format-standard","has-post-thumbnail","hentry","category-forza-italia"],"aioseo_notices":[],"_links":{"self":[{"href":"https:\/\/lucarolli.com\/index.php\/wp-json\/wp\/v2\/posts\/1073","targetHints":{"allow":["GET"]}}],"collection":[{"href":"https:\/\/lucarolli.com\/index.php\/wp-json\/wp\/v2\/posts"}],"about":[{"href":"https:\/\/lucarolli.com\/index.php\/wp-json\/wp\/v2\/types\/post"}],"author":[{"embeddable":true,"href":"https:\/\/lucarolli.com\/index.php\/wp-json\/wp\/v2\/users\/1"}],"replies":[{"embeddable":true,"href":"https:\/\/lucarolli.com\/index.php\/wp-json\/wp\/v2\/comments?post=1073"}],"version-history":[{"count":0,"href":"https:\/\/lucarolli.com\/index.php\/wp-json\/wp\/v2\/posts\/1073\/revisions"}],"wp:featuredmedia":[{"embeddable":true,"href":"https:\/\/lucarolli.com\/index.php\/wp-json\/wp\/v2\/media\/1072"}],"wp:attachment":[{"href":"https:\/\/lucarolli.com\/index.php\/wp-json\/wp\/v2\/media?parent=1073"}],"wp:term":[{"taxonomy":"category","embeddable":true,"href":"https:\/\/lucarolli.com\/index.php\/wp-json\/wp\/v2\/categories?post=1073"},{"taxonomy":"post_tag","embeddable":true,"href":"https:\/\/lucarolli.com\/index.php\/wp-json\/wp\/v2\/tags?post=1073"}],"curies":[{"name":"wp","href":"https:\/\/api.w.org\/{rel}","templated":true}]}}