{"id":372,"date":"2024-02-05T01:50:26","date_gmt":"2024-02-05T01:50:26","guid":{"rendered":"https:\/\/lucarolli.com\/index.php\/2024\/02\/05\/ilaria-cucchi-on-prison-suicides-nordio-does-nothing-to-solve-the-problem-delmastro-lefts-legacy-corriere-it\/"},"modified":"2024-02-05T01:50:26","modified_gmt":"2024-02-05T01:50:26","slug":"ilaria-cucchi-on-prison-suicides-nordio-does-nothing-to-solve-the-problem-delmastro-lefts-legacy-corriere-it","status":"publish","type":"post","link":"https:\/\/lucarolli.com\/index.php\/2024\/02\/05\/ilaria-cucchi-on-prison-suicides-nordio-does-nothing-to-solve-the-problem-delmastro-lefts-legacy-corriere-it\/","title":{"rendered":"Ilaria Cucchi on prison suicides: &#8220;Nordio does nothing to solve the problem&#8221;. Delmastro: &#8220;Left&#8217;s legacy&#8221;- Corriere.it"},"content":{"rendered":"<p>Ilaria Cucchi, vice president of the Justice Commission of Palazzo Madama, expresses concerns over the high rate of suicides in Italian prisons. She criticizes the inaction of decision-makers in addressing prison overcrowding and calls for the removal of inmates with psychiatric illnesses, better care for drug addicts, and alternative measures for those imprisoned for minor offenses.<\/p>\n<p>The government claims to be working on increasing prison capacity and hiring more educators, but opposition members like Davide Faraone argue that more needs to be done to address the mental health needs of inmates and prevent further tragedies. The debate on prison conditions and the responsibility of the state continues between the majority and the opposition.<\/p>\n<p>La vicepresidenta de la Comisi\u00f3n de Justicia de Palazzo Madama, Ilaria Cucchi, expresa su preocupaci\u00f3n por la alta tasa de suicidios en las c\u00e1rceles italianas. Critica la inacci\u00f3n de los tomadores de decisiones en abordar el hacinamiento carcelario y pide la eliminaci\u00f3n de los presos con enfermedades psiqui\u00e1tricas, una mejor atenci\u00f3n para los adictos a las drogas y medidas alternativas para aquellos encarcelados por delitos menores.<\/p>\n<p>El gobierno afirma estar trabajando en aumentar la capacidad de las prisiones y contratar m\u00e1s educadores, pero los miembros de la oposici\u00f3n como Davide Faraone argumentan que se necesita hacer m\u00e1s para atender las necesidades de salud mental de los reclusos y prevenir m\u00e1s tragedias. El debate sobre las condiciones carcelarias y la responsabilidad del estado contin\u00faa entre la mayor\u00eda y la oposici\u00f3n.<\/p>\n","protected":false},"excerpt":{"rendered":"<p>Ilaria Cucchi, vice president of the Justice Commission of Palazzo Madama, expresses concerns over the high rate of suicides in Italian prisons. She criticizes the inaction of decision-makers in addressing prison overcrowding and calls for the removal of inmates with psychiatric illnesses, better care for drug addicts, and alternative measures for those imprisoned for minor [&hellip;]<\/p>\n","protected":false},"author":1,"featured_media":371,"comment_status":"open","ping_status":"open","sticky":false,"template":"","format":"standard","meta":{"footnotes":""},"categories":[156],"tags":[],"class_list":["post-372","post","type-post","status-publish","format-standard","has-post-thumbnail","hentry","category-palazzo-madama-prison-conditions-and-mental-health-debate"],"aioseo_notices":[],"_links":{"self":[{"href":"https:\/\/lucarolli.com\/index.php\/wp-json\/wp\/v2\/posts\/372","targetHints":{"allow":["GET"]}}],"collection":[{"href":"https:\/\/lucarolli.com\/index.php\/wp-json\/wp\/v2\/posts"}],"about":[{"href":"https:\/\/lucarolli.com\/index.php\/wp-json\/wp\/v2\/types\/post"}],"author":[{"embeddable":true,"href":"https:\/\/lucarolli.com\/index.php\/wp-json\/wp\/v2\/users\/1"}],"replies":[{"embeddable":true,"href":"https:\/\/lucarolli.com\/index.php\/wp-json\/wp\/v2\/comments?post=372"}],"version-history":[{"count":0,"href":"https:\/\/lucarolli.com\/index.php\/wp-json\/wp\/v2\/posts\/372\/revisions"}],"wp:featuredmedia":[{"embeddable":true,"href":"https:\/\/lucarolli.com\/index.php\/wp-json\/wp\/v2\/media\/371"}],"wp:attachment":[{"href":"https:\/\/lucarolli.com\/index.php\/wp-json\/wp\/v2\/media?parent=372"}],"wp:term":[{"taxonomy":"category","embeddable":true,"href":"https:\/\/lucarolli.com\/index.php\/wp-json\/wp\/v2\/categories?post=372"},{"taxonomy":"post_tag","embeddable":true,"href":"https:\/\/lucarolli.com\/index.php\/wp-json\/wp\/v2\/tags?post=372"}],"curies":[{"name":"wp","href":"https:\/\/api.w.org\/{rel}","templated":true}]}}