{"id":42,"date":"2024-02-03T02:18:10","date_gmt":"2024-02-03T02:18:10","guid":{"rendered":"https:\/\/lucarolli.com\/index.php\/2024\/02\/03\/i-decided-the-month-salvinis-diktats-and-so-giorgetti-thinks-of-europe-corriere-it\/"},"modified":"2024-02-03T02:18:10","modified_gmt":"2024-02-03T02:18:10","slug":"i-decided-the-month-salvinis-diktats-and-so-giorgetti-thinks-of-europe-corriere-it","status":"publish","type":"post","link":"https:\/\/lucarolli.com\/index.php\/2024\/02\/03\/i-decided-the-month-salvinis-diktats-and-so-giorgetti-thinks-of-europe-corriere-it\/","title":{"rendered":"I decided, the month, Salvini&#8217;s diktats. And so Giorgetti thinks of Europe &#8211; Corriere.it"},"content":{"rendered":"<p>The Minister of Economy is confident of winning the festival for the nomination as European Commissioner and thus moving to Brussels, where he believes the climate is &#8220;better&#8221;. However, he is not referring to the weather. Giorgetti is thinking about Europe and the idea of becoming a EU commissioner. He has discussed the conflicts, the MES, and Salvini&#8217;s diktats.<\/p>\n<p>He has stated that he is ready to step aside, but this time it might be different. Politically, he is distant from the line traced by the secretary in Europe. There are various reasons that lead Giorgetti to prefer the climate of Brussels and one of the majority leaders claims that Giorgetti&#8217;s nomination as commissioner would be a guarantee for the government in Europe. The leader also mentions the possibility of direct control of the ministry of economy by the President of the Council.<\/p>\n<p>Giorgetti is currently working on refining his English while preparing for his European mission. His reference point in Brussels is the current President of the Commission. The article also discusses the possible election of Ursula von der Leyen for a second term as well as the need for a strong center-right coalition in the upcoming elections. Finally, it mentions the possibility of Giorgetti&#8217;s official nomination as European Commissioner, expressing the belief that he represents a credible moderate center-right in Italy and Europe, citing his performance during Mario Draghi&#8217;s government.<\/p>\n<p>The article concludes by stating that the columnist is reserved for subscribers and is delivered twice a week at noon. El Ministro de Econom\u00eda conf\u00eda en ganar el festival para la nominaci\u00f3n como Comisionado Europeo y as\u00ed trasladarse a Bruselas, donde cree que el clima es &#8220;mejor&#8221;. Sin embargo, no se refiere al clima meteorol\u00f3gico. Giorgetti est\u00e1 pensando en Europa y en la idea de convertirse en comisario de la UE.<\/p>\n<p>Ha discutido los conflictos, el MES y los diktats de Salvini. Ha declarado que est\u00e1 listo para ceder el paso, pero esta vez podr\u00eda ser diferente. Pol\u00edticamente, est\u00e1 distante de la l\u00ednea trazada por el secretario en Europa. Hay varias razones que llevan a Giorgetti a preferir el clima de Bruselas y uno de los l\u00edderes de la mayor\u00eda afirma que la nominaci\u00f3n de Giorgetti como comisario ser\u00eda una garant\u00eda para el gobierno en Europa.<\/p>\n<p>El l\u00edder tambi\u00e9n menciona la posibilidad de control directo del ministerio de Econom\u00eda por parte de la Presidenta del Consejo. Giorgetti est\u00e1 trabajando para perfeccionar su ingl\u00e9s mientras se prepara para su misi\u00f3n europea. Su punto de referencia en Bruselas es el actual Presidente de la Comisi\u00f3n. El art\u00edculo tambi\u00e9n discute la posible elecci\u00f3n de Ursula von der Leyen para un segundo mandato, as\u00ed como la necesidad de una s\u00f3lida coalici\u00f3n de centro-derecha en las pr\u00f3ximas elecciones.<\/p>\n<p>Finalmente, menciona la posibilidad de la nominaci\u00f3n oficial de Giorgetti como Comisionado Europeo, expresando la creencia de que representa un centro-derecha moderado cre\u00edble en Italia y Europa, citando su desempe\u00f1o durante el gobierno de Mario Draghi. El art\u00edculo concluye afirmando que la columna est\u00e1 reservada para suscriptores y se entrega dos veces por semana al mediod\u00eda.<\/p>\n","protected":false},"excerpt":{"rendered":"<p>The Minister of Economy is confident of winning the festival for the nomination as European Commissioner and thus moving to Brussels, where he believes the climate is &#8220;better&#8221;. However, he is not referring to the weather. Giorgetti is thinking about Europe and the idea of becoming a EU commissioner. He has discussed the conflicts, the [&hellip;]<\/p>\n","protected":false},"author":1,"featured_media":41,"comment_status":"open","ping_status":"open","sticky":false,"template":"","format":"standard","meta":{"footnotes":""},"categories":[15],"tags":[],"class_list":["post-42","post","type-post","status-publish","format-standard","has-post-thumbnail","hentry","category-european-commissioner-nomination-giorgetti"],"aioseo_notices":[],"_links":{"self":[{"href":"https:\/\/lucarolli.com\/index.php\/wp-json\/wp\/v2\/posts\/42","targetHints":{"allow":["GET"]}}],"collection":[{"href":"https:\/\/lucarolli.com\/index.php\/wp-json\/wp\/v2\/posts"}],"about":[{"href":"https:\/\/lucarolli.com\/index.php\/wp-json\/wp\/v2\/types\/post"}],"author":[{"embeddable":true,"href":"https:\/\/lucarolli.com\/index.php\/wp-json\/wp\/v2\/users\/1"}],"replies":[{"embeddable":true,"href":"https:\/\/lucarolli.com\/index.php\/wp-json\/wp\/v2\/comments?post=42"}],"version-history":[{"count":0,"href":"https:\/\/lucarolli.com\/index.php\/wp-json\/wp\/v2\/posts\/42\/revisions"}],"wp:featuredmedia":[{"embeddable":true,"href":"https:\/\/lucarolli.com\/index.php\/wp-json\/wp\/v2\/media\/41"}],"wp:attachment":[{"href":"https:\/\/lucarolli.com\/index.php\/wp-json\/wp\/v2\/media?parent=42"}],"wp:term":[{"taxonomy":"category","embeddable":true,"href":"https:\/\/lucarolli.com\/index.php\/wp-json\/wp\/v2\/categories?post=42"},{"taxonomy":"post_tag","embeddable":true,"href":"https:\/\/lucarolli.com\/index.php\/wp-json\/wp\/v2\/tags?post=42"}],"curies":[{"name":"wp","href":"https:\/\/api.w.org\/{rel}","templated":true}]}}