{"id":906,"date":"2024-02-07T01:30:49","date_gmt":"2024-02-07T01:30:49","guid":{"rendered":"https:\/\/lucarolli.com\/index.php\/2024\/02\/07\/the-own-goal-by-basile-against-segre-corriere-it\/"},"modified":"2024-02-07T01:30:49","modified_gmt":"2024-02-07T01:30:49","slug":"the-own-goal-by-basile-against-segre-corriere-it","status":"publish","type":"post","link":"https:\/\/lucarolli.com\/index.php\/2024\/02\/07\/the-own-goal-by-basile-against-segre-corriere-it\/","title":{"rendered":"The own goal by Basile against Segre- Corriere.it"},"content":{"rendered":"<p>It seems like she may have been sorry that it took a week for the video to go from her social profiles to the news. But in the end, she made it. The Palestinian children don&#8217;t bother her?<\/p>\n<p>Making a reckless comparison with the Germans, &#8220;very good with their Nazi children; they too had a morality that was directed at Aryans, whites, and did not understand, they felt nothing for the death of the Jews: do you want to imitate them? Do you only feel something for the death of the Jews, but not for others?&#8221;. Not that Basile hasn&#8217;t accustomed us to shocking statements, like when in front of a stunned Aldo Cazzullo &#8211; on Otto e mezzo &#8211; he stated that it was a shame there were few Americans among the hostages in Gaza, because it would have helped.<\/p>\n<p>But being able to declare falsehoods about Liliana Segre exceeds any hyperbole. The senator for life chosen by Sergio Mattarella in 2018 in these months has been unequivocally &#8220;in pain&#8221;, &#8220;anguished&#8221;, &#8220;desperate&#8221; for the children victims of war. She was clear on December 5th: &#8220;I feel pity for all children, who are sacred regardless of nationality or faith, who suffer and die.<\/p>\n<p>Who pay because others have not been able to find the way to peace&#8221;. She reiterated this on January 27th, a couple of days before Basile published his outburst, speaking of &#8220;children of all colors, of all religions, of all backgrounds. Those who find me a desperate grandmother.<\/p>\n<p>That these children are killed because of the hatred of adults, they who would be the future of brotherly peoples, is something that has given me a form of evening despair: since October 7th, there has not been a night that doesn&#8217;t keep me awake partly thinking about what happens&#8221;. Can it really be misunderstood? Parece que puede haber lamentado que el video tardara una semana en pasar de sus perfiles sociales a las noticias.<\/p>\n<p>Pero al final lo logr\u00f3. Los ni\u00f1os palestinos no le molestan? Haciendo una comparaci\u00f3n temeraria con los alemanes, &#8220;muy buenos con sus ni\u00f1os nazis; ellos tambi\u00e9n ten\u00edan una moral dirigida a los arios, a los blancos, y no entend\u00edan, no sent\u00edan nada por la muerte de los jud\u00edos: \u00bfquieres imitarlos?<\/p>\n<p>\u00bfSientes algo solo por la muerte de los jud\u00edos, pero no por los dem\u00e1s?&#8221;. No es que Basile no nos haya acostumbrado a declaraciones impactantes, como cuando, frente a un at\u00f3nito Aldo Cazzullo &#8211; en Otto e mezzo &#8211; afirm\u00f3 que era una verg\u00fcenza que hubiera pocos estadounidenses entre los rehenes en Gaza, porque habr\u00eda ayudado. Pero poder declarar mentiras sobre Liliana Segre supera cualquier exageraci\u00f3n.<\/p>\n<p>La senadora de por vida elegida por Sergio Mattarella en 2018 en estos meses ha estado inequ\u00edvocamente &#8220;dolida&#8221;, &#8220;angustiada&#8221;, &#8220;desesperada&#8221; por los ni\u00f1os v\u00edctimas de la guerra. Fue clara el 5 de diciembre: &#8220;Siento l\u00e1stima por todos los ni\u00f1os, que son sagrados independientemente de su nacionalidad o fe, que sufren y mueren. Que pagan porque otros no han sabido encontrar el camino hacia la paz&#8221;.<\/p>\n<p>Ella reiter\u00f3 esto el 27 de enero, un par de d\u00edas antes de que Basile publicara su arrebato, hablando de &#8220;ni\u00f1os de todos los colores, de todas las religiones, de todos los or\u00edgenes. Los que me encuentran una abuela desesperada. Que estos ni\u00f1os sean asesinados por el odio de los adultos, ellos que ser\u00edan el futuro de pueblos hermanos, es algo que me ha dado una forma de desesperaci\u00f3n vespertina: desde el 7 de octubre, no ha habido una noche que no me mantenga despierta en parte pensando en lo que sucede&#8221;.<\/p>\n<p>\u00bfRealmente puede ser malentendido?<\/p>\n","protected":false},"excerpt":{"rendered":"<p>It seems like she may have been sorry that it took a week for the video to go from her social profiles to the news. But in the end, she made it. The Palestinian children don&#8217;t bother her? Making a reckless comparison with the Germans, &#8220;very good with their Nazi children; they too had a [&hellip;]<\/p>\n","protected":false},"author":1,"featured_media":905,"comment_status":"open","ping_status":"open","sticky":false,"template":"","format":"standard","meta":{"footnotes":""},"categories":[362],"tags":[],"class_list":["post-906","post","type-post","status-publish","format-standard","has-post-thumbnail","hentry","category-liliana-segre"],"aioseo_notices":[],"_links":{"self":[{"href":"https:\/\/lucarolli.com\/index.php\/wp-json\/wp\/v2\/posts\/906","targetHints":{"allow":["GET"]}}],"collection":[{"href":"https:\/\/lucarolli.com\/index.php\/wp-json\/wp\/v2\/posts"}],"about":[{"href":"https:\/\/lucarolli.com\/index.php\/wp-json\/wp\/v2\/types\/post"}],"author":[{"embeddable":true,"href":"https:\/\/lucarolli.com\/index.php\/wp-json\/wp\/v2\/users\/1"}],"replies":[{"embeddable":true,"href":"https:\/\/lucarolli.com\/index.php\/wp-json\/wp\/v2\/comments?post=906"}],"version-history":[{"count":0,"href":"https:\/\/lucarolli.com\/index.php\/wp-json\/wp\/v2\/posts\/906\/revisions"}],"wp:featuredmedia":[{"embeddable":true,"href":"https:\/\/lucarolli.com\/index.php\/wp-json\/wp\/v2\/media\/905"}],"wp:attachment":[{"href":"https:\/\/lucarolli.com\/index.php\/wp-json\/wp\/v2\/media?parent=906"}],"wp:term":[{"taxonomy":"category","embeddable":true,"href":"https:\/\/lucarolli.com\/index.php\/wp-json\/wp\/v2\/categories?post=906"},{"taxonomy":"post_tag","embeddable":true,"href":"https:\/\/lucarolli.com\/index.php\/wp-json\/wp\/v2\/tags?post=906"}],"curies":[{"name":"wp","href":"https:\/\/api.w.org\/{rel}","templated":true}]}}